{"id":516,"date":"2015-04-10T15:10:44","date_gmt":"2015-04-10T15:10:44","guid":{"rendered":"http:\/\/www.energiearbeit-essen.de\/?p=516"},"modified":"2015-04-10T15:10:44","modified_gmt":"2015-04-10T15:10:44","slug":"gruppenmeditation-am-30-april-2015","status":"publish","type":"post","link":"http:\/\/www.energiearbeit-essen.de\/?p=516","title":{"rendered":"Gruppenmeditation am 7. Mai 2015"},"content":{"rendered":"<p>Der Fr\u00fchling kommt auf leisen Sohlen und unsere Hormone werden wieder angeregt durch hoffentlich viel Sonnenschein. Aber es gibt auch Phasen im Leben wo die Sonne nicht ausreicht.<\/p>\n<p>Diese Meditation steht ganz im Sinne des Fr\u00fchlings und Wiedererwachens! Wir werden positive Aspekte in uns aktivieren und dabei entspannen!<\/p>\n<p>ANMELDUNG: nur schriftlich an energiearbeitessen@icloud.com KOSTEN: 15 Euro \/ Person<br \/>\nAber wie immer ist die Meditation auch eine Entspannung, geistiger Wachstum und Sich-Versorgen-Lassen von der geistigen Welt. Eine t\u00e4gliche Meditation st\u00e4rkt die Gesundheit und l\u00e4sst den Menschen in sich st\u00e4rker werden.<\/p>\n<p>In dieser Meditation f\u00fchre ich euch auf leichte und angenehme Weise und lasse euch von Erzengeln begleiten. Die Meditation l\u00e4sst euch wieder sp\u00fcren und entspannen! Einfach mal runter kommen, in die Stille gehen. Die Gruppenmeditation ist auch f\u00fcr Anf\u00e4nger geeignet.<\/p>\n<p>Es stehen jeweils 8 Pl\u00e4tze zur Verf\u00fcgung, daher ist eine schriftliche Anmeldung erforderlich. Bitte mindestens einen Tag vorher absagen ansonsten ist der Betrag von 15,00 Euro f\u00e4llig.<\/p>\n<p>ZEIT: 19.30 Uhr bis ca 20.30 Uhr<\/p>\n<p>ORT: Alfredstr. 289 in Essen-Bredeney<\/p>\n","protected":false},"excerpt":{"rendered":"<p>Der Fr\u00fchling kommt auf leisen Sohlen und unsere Hormone werden wieder angeregt durch hoffentlich viel Sonnenschein. Aber es gibt auch Phasen im Leben wo die Sonne nicht ausreicht. Diese Meditation steht ganz im Sinne des Fr\u00fchlings und Wiedererwachens! Wir werden positive Aspekte in uns aktivieren und dabei entspannen! ANMELDUNG: nur schriftlich an energiearbeitessen@icloud.com KOSTEN: 15<\/p>\n<div class=\"blog-post-read-more\"><a href=\"http:\/\/www.energiearbeit-essen.de\/?p=516\">Continue reading<\/a><\/div>\n","protected":false},"author":1,"featured_media":0,"comment_status":"open","ping_status":"open","sticky":false,"template":"","format":"standard","meta":{"footnotes":""},"categories":[4],"tags":[],"class_list":["post-516","post","type-post","status-publish","format-standard","hentry","category-termine"],"_links":{"self":[{"href":"http:\/\/www.energiearbeit-essen.de\/index.php?rest_route=\/wp\/v2\/posts\/516","targetHints":{"allow":["GET"]}}],"collection":[{"href":"http:\/\/www.energiearbeit-essen.de\/index.php?rest_route=\/wp\/v2\/posts"}],"about":[{"href":"http:\/\/www.energiearbeit-essen.de\/index.php?rest_route=\/wp\/v2\/types\/post"}],"author":[{"embeddable":true,"href":"http:\/\/www.energiearbeit-essen.de\/index.php?rest_route=\/wp\/v2\/users\/1"}],"replies":[{"embeddable":true,"href":"http:\/\/www.energiearbeit-essen.de\/index.php?rest_route=%2Fwp%2Fv2%2Fcomments&post=516"}],"version-history":[{"count":0,"href":"http:\/\/www.energiearbeit-essen.de\/index.php?rest_route=\/wp\/v2\/posts\/516\/revisions"}],"wp:attachment":[{"href":"http:\/\/www.energiearbeit-essen.de\/index.php?rest_route=%2Fwp%2Fv2%2Fmedia&parent=516"}],"wp:term":[{"taxonomy":"category","embeddable":true,"href":"http:\/\/www.energiearbeit-essen.de\/index.php?rest_route=%2Fwp%2Fv2%2Fcategories&post=516"},{"taxonomy":"post_tag","embeddable":true,"href":"http:\/\/www.energiearbeit-essen.de\/index.php?rest_route=%2Fwp%2Fv2%2Ftags&post=516"}],"curies":[{"name":"wp","href":"https:\/\/api.w.org\/{rel}","templated":true}]}}