{"id":278,"date":"2014-01-09T09:30:51","date_gmt":"2014-01-09T09:30:51","guid":{"rendered":"http:\/\/www.energiearbeit-essen.de\/?p=278"},"modified":"2014-01-09T09:30:51","modified_gmt":"2014-01-09T09:30:51","slug":"278","status":"publish","type":"post","link":"http:\/\/www.energiearbeit-essen.de\/?p=278","title":{"rendered":"In welcher Verbindung stehen Krankheiten mit unseren Lebensthemen und Gedankenmustern?"},"content":{"rendered":"<p>Ich besch\u00e4ftige mich seit Jahren mit der inneren Mitte, unserem Geist und in welcher Verbindung die Lebensthemen mit unserer Gesundheit stehen. Es gibt mittlerweile sehr viele Kenntnisse \u00fcber diese Verbindungen. Ich werde hier eine amerikanische \u00c4rztin, Dr. med Mona Lisa Schulz zitieren, die nun seit Jahrzenten intuitiv mit Affirmationen von Louise L. Hay arbeitet.<\/p>\n<p>Sie sagt, dass keine Krankheit wirklich geheilt werden kann wenn die Gedankenmuster und die damit in Verbindung stehenden Lebensumst\u00e4nde nicht ver\u00e4ndert werden.<br \/>\nDas ist bisher auch meine Erfahrung.<br \/>\nWer mehr wissen m\u00f6chte, kann sich das Buch \u201cGesund sein\u201d von den beiden kaufen und lesen.<\/p>\n<p>Ich m\u00f6chte euch monatlich einige Informationen zu diesen Themen geben, die euch weiter helfen k\u00f6nnen &#8211; hier Teil 1<\/p>\n<p>Jeder hat 7 Energiezentren und diese sind IMMER mit unseren Lebensthemen und mit unserem Wohlbefinden verbunden. Wenn eines dieser Energiezentren blockiert ist, k\u00f6nnen Beschwerden, Sympthome oder Krankheiten auftauchen. Wir k\u00f6nnen sie mit Medikamenten versuchen zum Stillstand zu bringen jedoch bleibt das Thema oft unbearbeitet und kann dazu f\u00fchren, da\u00df die Symptome immer wieder auftauchen und sich zu Krankheiten entwickeln.<\/p>\n<p>Nehmt euch 5 Minuten Zeit und lest euch die Informationen durch. Ihr werdet vielleicht erstaunt sein wie passend manche Aussagen sind.<\/p>\n<p>Ich fange mit den 7 emotionalen Energiezentren an. Sie sind so wichtig f\u00fcr unsere psychische und physische Gesundheit.<\/p>\n<p><span style=\"color: #990066;\"><strong>Was sind die 7 Energiezentren auch \u201eChackren\u201c genannt?<\/strong><\/span><\/p>\n<p>Das Wort \u201eChackra\u201c stammt aus dem Sanskrit und bedeutet \u201eRad\u201c.<br \/>\nMan kann sie sich als Energiewirbel vorstellen, die sich in st\u00e4ndig kreisender Bewegung befinden.<br \/>\nNach alter asiatischer Lehre durchzieht ein Netz aus unsichtbaren Energiebahnen unseren K\u00f6rper. Wo viele dieser Wege aufeinander treffen, liegt ein Chackra \u2013 \u00e4hnlich riesigen Autobahnkreuzen.<\/p>\n<p>Von diesen Chackren haben wir insgesamt sieben, jedem einzelnen sind verschiedene Organe und K\u00f6rperteile sowie psychische Eigenschaften zugeordnet. Wenn die Chackren frei sind kann die Energie ungehindert flie\u00dfen, K\u00f6rper und Seele sind gesund und wir f\u00fchlen uns wohl. Kommt es allerdings zum Energiestau, l\u00f6st dies Beschwerden aus.<\/p>\n<p><span style=\"color: #990066;\"><strong>I. Chackra\u00a0 \u2013\u00a0 Basis- oder Wurzelchackra<\/strong><\/span><\/p>\n<p>Dieses Chackra liegt an der Wirbels\u00e4ulenbasis zwischen dem Stei\u00dfbein und den Beckenknochen. Seine Farbe ist rot. Seine Hauptfunktion besteht darin, uns in der physischen Welt zu festigen und uns lebendig zu halten. Es steht mit dem physischen Empfinden in Verbindung. Dementsprechend ist auch die erste Schicht der Aura mit dem Irdischen verkn\u00fcpft.<\/p>\n<address>Das erste emotionale Zentrum steht in Verbindung mit:<br \/>\n<span style=\"color: #000000;\"> &gt; Knochen, Gelenken, Blut, Immunsystem und Haut<\/span><\/address>\n<p><span style=\"color: #990066;\"><strong>Intuition des K\u00f6rpers<\/strong><\/span><\/p>\n<p>Der menschliche K\u00f6rper ist erstaunlich und arbeitet wie eine Maschine aber der K\u00f6rper braucht auch entsprechende Pflege. Es gibt sicher sehr viele Gr\u00fcnde warum der K\u00f6rper abbaut oder krank wird (Umwelt, Ern\u00e4hrung, Genetik etc.). Doch wie Louise L. Hay in ihrer Arbeit herausgefunden hat \u2013 und in ihrem Buch \u201eGesundheit f\u00fcr K\u00f6rper und Seele\u201c dargelegt hat \u2013 wird jede Erkrankung im Leben von emotionalen Faktoren beeinflusst. Und Jahrzehnte, nachdem Louise L. Hay ihre Schlussfolgerungen pr\u00e4sentierte, wurden mittlerweile auch wissenschaftliche Studien ver\u00f6ffentlicht, die ihre Sichtweise best\u00e4tigen.<\/p>\n<p><span style=\"color: #990066;\"><strong>Probleme, Krankheiten, Themen die mit dem ersten Emotionalen Zentrum in Verbindung stehen<\/strong><\/span><\/p>\n<p>Dr. med Mona Lisa Schulz sagt \u201eDie Gesundheit des ersten emotionalen Zentrums h\u00e4ngt davon ab, wie sie sich in der Welt f\u00fchlen. Wenn Ihnen die Unterst\u00fctzung von Familie und Freunden fehlt, die Sie brauchen, um zu wachsen und sich wohl zu f\u00fchlen, werden Sie merken, wie sich diese Unsicherheit in Ihrem Blut, Ihrem Immunsystem, Knochen, Gelenken und Haut manifestiert.<\/p>\n<p>Wenn Sie von einer Beziehung oder Aktivit\u00e4t, der Sie einen betr\u00e4chtlichen Teil Ihrer Zeit widmen, nicht das bekommen, was Sie brauchen wird Ihr K\u00f6rper und Ihre Seele Sie bald davon in Kenntnis setzen. Zun\u00e4chst m\u00f6gen die Zeichen so \u201eungef\u00e4hrlich\u201c sein wie M\u00fcdigkeit, Ersch\u00f6pfung, Hautausschl\u00e4ge oder Gelenkschmerzen.<\/p>\n<p>Leichte Probleme im ersten emotionalen Zentrum k\u00f6nnen als Fr\u00fchwarnsystem dienen und Sie wissen lassen, wann Sie vom Weg abgekommen sind. Das Ignorieren der Warnsignale Ihres K\u00f6rpers kann zu einer Vielzahl von Beschwerden f\u00fchren:<br \/>\nChronisches M\u00fcdigkeitssyndrom, Weichteilrheumatismus, Osteoarthritis, Rheumatische Arthritis, Epstein-Barr-Virus, Hepatitis (A, B oder C), Peiffersches Dr\u00fcsenfieber, Borreliose, Allergien, Hautausschlag, Schuppenflechte, Gelenkschmerzen, Ersc\u00f6pfung und Autommunerkrankungen wie Lupus erythematodes.<br \/>\nAll diese Beschwerden sind auf ein Ungleichgewicht im ersten emotionalen Zentrum zur\u00fcck zu f\u00fchren.<\/p>\n<p>Hier k\u00f6nnt ihr euch nur die Hauptinfo \u00f6ffnen und als PDF abspeichern. Ich werde von jedem Energiezentrum ein PDF in Kurzversion zur Verf\u00fcgung stellen!<\/p>\n<p><span style=\"color: #990066;\"><a href=\"http:\/\/www.energiearbeit-essen.de\/wp-content\/uploads\/2014\/01\/I.Energiezentrum.pdf\"><span style=\"color: #990066;\">I.Energiezentrum<\/span><\/a> PDF<\/span><\/p>\n","protected":false},"excerpt":{"rendered":"<p>Ich besch\u00e4ftige mich seit Jahren mit der inneren Mitte, unserem Geist und in welcher Verbindung die Lebensthemen mit unserer Gesundheit stehen. Es gibt mittlerweile sehr viele Kenntnisse \u00fcber diese Verbindungen. Ich werde hier eine amerikanische \u00c4rztin, Dr. med Mona Lisa Schulz zitieren, die nun seit Jahrzenten intuitiv mit Affirmationen von Louise L. Hay arbeitet. Sie<\/p>\n<div class=\"blog-post-read-more\"><a href=\"http:\/\/www.energiearbeit-essen.de\/?p=278\">Continue reading<\/a><\/div>\n","protected":false},"author":1,"featured_media":0,"comment_status":"open","ping_status":"open","sticky":false,"template":"","format":"standard","meta":{"footnotes":""},"categories":[2],"tags":[],"class_list":["post-278","post","type-post","status-publish","format-standard","hentry","category-blog"],"_links":{"self":[{"href":"http:\/\/www.energiearbeit-essen.de\/index.php?rest_route=\/wp\/v2\/posts\/278","targetHints":{"allow":["GET"]}}],"collection":[{"href":"http:\/\/www.energiearbeit-essen.de\/index.php?rest_route=\/wp\/v2\/posts"}],"about":[{"href":"http:\/\/www.energiearbeit-essen.de\/index.php?rest_route=\/wp\/v2\/types\/post"}],"author":[{"embeddable":true,"href":"http:\/\/www.energiearbeit-essen.de\/index.php?rest_route=\/wp\/v2\/users\/1"}],"replies":[{"embeddable":true,"href":"http:\/\/www.energiearbeit-essen.de\/index.php?rest_route=%2Fwp%2Fv2%2Fcomments&post=278"}],"version-history":[{"count":0,"href":"http:\/\/www.energiearbeit-essen.de\/index.php?rest_route=\/wp\/v2\/posts\/278\/revisions"}],"wp:attachment":[{"href":"http:\/\/www.energiearbeit-essen.de\/index.php?rest_route=%2Fwp%2Fv2%2Fmedia&parent=278"}],"wp:term":[{"taxonomy":"category","embeddable":true,"href":"http:\/\/www.energiearbeit-essen.de\/index.php?rest_route=%2Fwp%2Fv2%2Fcategories&post=278"},{"taxonomy":"post_tag","embeddable":true,"href":"http:\/\/www.energiearbeit-essen.de\/index.php?rest_route=%2Fwp%2Fv2%2Ftags&post=278"}],"curies":[{"name":"wp","href":"https:\/\/api.w.org\/{rel}","templated":true}]}}