{"id":1684,"date":"2023-10-15T16:35:35","date_gmt":"2023-10-15T14:35:35","guid":{"rendered":"http:\/\/www.energiearbeit-essen.de\/?p=1684"},"modified":"2023-10-15T16:35:35","modified_gmt":"2023-10-15T14:35:35","slug":"gesundheit-schoenheit-mit-dem-wissen-aus-der-natur-medizin-und-forschung","status":"publish","type":"post","link":"http:\/\/www.energiearbeit-essen.de\/?p=1684","title":{"rendered":"Gesundheit &#038; Sch\u00f6nheit &#8211; Mit dem Wissen aus der Natur, Medizin und Forschung"},"content":{"rendered":"<h4><strong>\u00bbScho\u0308nheit und Gesundheit gehen miteinander einher\u00ab<\/strong><\/h4>\n<p><strong>Dienstag, 17.10 .2023, 19.00 \u2013 21.00 Uhr<\/strong><\/p>\n<h5><strong>\u00bbUnser K\u00f6rper ist ein Jungbrunnen\u00ab<\/strong><br \/>\nSeit Jahrtausenden sucht die Menschheit nach dem Jungbrunnen, nach dem Geheimnis eines gesunderen, gl\u00fccklicheren\u00a0kraftvolleren und vitaleren Lebens. Und dann ist die Antwort so einfach.<\/h5>\n<h5>\nDurch einen st\u00e4ndigen Ab-, Auf- oder Umbau gelingt es unserem K\u00f6rper sich st\u00e4ndig ,jung&#8216; zu halten!<br \/>\nSo bilden sich jede Sekunde ca. 50 Millionen Zellen neu. Die Zellen der Lunge oder des Dickdarmes erneuern sich<br \/>\nz.B. alle 8-10 Tage, die Magenschleimhaut wird in ca. einer Woche vollst\u00e4ndig ersetzt. Unsere Haut ben\u00f6tigt f\u00fcr einen<br \/>\nkompletten Tapetenwechsel ca. 4 Wochen. Auch unsere Muskulatur ist ein Wunder der Regeneration und Anpassung &#8211; hier ist ein vollst\u00e4ndiger Umbau innerhalb von 15 Jahren m\u00f6glich. Regeneration &amp; Vitalit\u00e4t ist in jedem Alter m\u00f6glich.<\/h5>\n<h5>Mit Dr. dent. Ricarda Jansen, Ingrid Lederer (Atmosph\u00e4rikerin) und Barbara M. Ramm.<\/h5>\n<div class=\"page\" title=\"Page 1\">\n<div class=\"section\">\n<div class=\"section\">\n<div class=\"layoutArea\">\n<div class=\"column\">\n<p>Es gibt wohl kaum einen Menschen, der sich nicht gerne scho\u0308n und attraktiv fu\u0308hlt. Auch diejenigen, die behaupten, dass a\u0308u\u00dfere Merkmale fu\u0308r sie keine Bedeutung haben, legen einen gewissen Wert darauf, ein ada\u0308quates Auftreten in den verschiedensten Situationen des Lebens an den Tag zu legen. Scho\u0308nheit und Gesundheit sind dabei fu\u0308r die allermeisten Menschen nicht mehr voneinander zu trennen und wer sich vollends gesund fu\u0308hlt und dies auch genie\u00dfen kann,<br \/>\nder strahlt eine Scho\u0308nheit nach au\u00dfen, so wie es der umgekehrte Fall ebenfalls aufzeigt.<\/p>\n<\/div>\n<\/div>\n<\/div>\n<div class=\"section\">\n<div class=\"layoutArea\">\n<div class=\"column\">\n<p>&nbsp;<\/p>\n<\/div>\n<\/div>\n<\/div>\n<div class=\"section\">\n<div class=\"layoutArea\">\n<div class=\"column\">\n<h3><span style=\"color: #993300;\">Wer sich scho\u0308n fu\u0308hlt, der strahlt oftmals Gesundheit und Freude aus!<\/span><\/h3>\n<p>Wir strahlen stets bestimmte Dinge an unsere Mitmenschen aus und dabei ist es auch das Gefu\u0308hl, ohne Schmerzen zu sein, welches unsere Wirkung auf andere Menschen in entscheidender Art und Weise beeinflusst. Dass es sich beim eigenen Wohlbefinden und bei der Gesundheit la\u0308ngst auch um eine Frage des Lifestyles handelt, ist fu\u0308r viele Menschen schon beinahe selbstversta\u0308ndlich. Da trifft der bekannte Satz <span style=\"color: #993300;\"><strong>,,Gesundheit ist weit mehr als das Fehlen von Krankheit&#8220;<\/strong><\/span> in verschiedensten Situationen zu. Eine bekannte Definition von Gesundheit kann es heute kaum mehr geben, ohne dass dabei die Lebensqualita\u0308t des Menschen ebenfalls ins Visier genommen wird<\/p>\n<p><span style=\"color: #993300;\"><strong>Die Mo\u0308glichkeiten der Medizin und Technik sind voll auf der Seite der Menschen.<\/strong><\/span><\/p>\n<\/div>\n<\/div>\n<\/div>\n<\/div>\n<\/div>\n<div class=\"page\" title=\"Page 1\">\n<div class=\"section\">\n<div class=\"layoutArea\">\n<div class=\"column\">\n<div class=\"page\" title=\"Page 1\">\n<div class=\"section\">\n<div class=\"layoutArea\">\n<div class=\"column\">\n<div class=\"page\" title=\"Page 1\">\n<div class=\"section\">\n<div class=\"layoutArea\">\n<p><a href=\"http:\/\/www.energiearbeit-essen.de\/wp-content\/uploads\/2023\/10\/17.10.2023-GV-Gesundheit_Schoenheit.pdf\">17.10.2023 &#8211; GV Gesundheit_Sch\u00f6nheit<\/a><\/p>\n<\/div>\n<\/div>\n<\/div>\n<\/div>\n<\/div>\n<\/div>\n<\/div>\n<\/div>\n<\/div>\n<\/div>\n<\/div>\n","protected":false},"excerpt":{"rendered":"<p>\u00bbScho\u0308nheit und Gesundheit gehen miteinander einher\u00ab Dienstag, 17.10 .2023, 19.00 \u2013 21.00 Uhr \u00bbUnser K\u00f6rper ist ein Jungbrunnen\u00ab Seit Jahrtausenden sucht die Menschheit nach dem Jungbrunnen, nach dem Geheimnis eines gesunderen, gl\u00fccklicheren\u00a0kraftvolleren und vitaleren Lebens. Und dann ist die Antwort so einfach. Durch einen st\u00e4ndigen Ab-, Auf- oder Umbau gelingt es unserem K\u00f6rper sich st\u00e4ndig<\/p>\n<div class=\"blog-post-read-more\"><a href=\"http:\/\/www.energiearbeit-essen.de\/?p=1684\">Continue reading<\/a><\/div>\n","protected":false},"author":3,"featured_media":1687,"comment_status":"closed","ping_status":"open","sticky":false,"template":"","format":"standard","meta":{"footnotes":""},"categories":[4],"tags":[],"class_list":["post-1684","post","type-post","status-publish","format-standard","has-post-thumbnail","hentry","category-termine"],"_links":{"self":[{"href":"http:\/\/www.energiearbeit-essen.de\/index.php?rest_route=\/wp\/v2\/posts\/1684","targetHints":{"allow":["GET"]}}],"collection":[{"href":"http:\/\/www.energiearbeit-essen.de\/index.php?rest_route=\/wp\/v2\/posts"}],"about":[{"href":"http:\/\/www.energiearbeit-essen.de\/index.php?rest_route=\/wp\/v2\/types\/post"}],"author":[{"embeddable":true,"href":"http:\/\/www.energiearbeit-essen.de\/index.php?rest_route=\/wp\/v2\/users\/3"}],"replies":[{"embeddable":true,"href":"http:\/\/www.energiearbeit-essen.de\/index.php?rest_route=%2Fwp%2Fv2%2Fcomments&post=1684"}],"version-history":[{"count":1,"href":"http:\/\/www.energiearbeit-essen.de\/index.php?rest_route=\/wp\/v2\/posts\/1684\/revisions"}],"predecessor-version":[{"id":1688,"href":"http:\/\/www.energiearbeit-essen.de\/index.php?rest_route=\/wp\/v2\/posts\/1684\/revisions\/1688"}],"wp:featuredmedia":[{"embeddable":true,"href":"http:\/\/www.energiearbeit-essen.de\/index.php?rest_route=\/wp\/v2\/media\/1687"}],"wp:attachment":[{"href":"http:\/\/www.energiearbeit-essen.de\/index.php?rest_route=%2Fwp%2Fv2%2Fmedia&parent=1684"}],"wp:term":[{"taxonomy":"category","embeddable":true,"href":"http:\/\/www.energiearbeit-essen.de\/index.php?rest_route=%2Fwp%2Fv2%2Fcategories&post=1684"},{"taxonomy":"post_tag","embeddable":true,"href":"http:\/\/www.energiearbeit-essen.de\/index.php?rest_route=%2Fwp%2Fv2%2Ftags&post=1684"}],"curies":[{"name":"wp","href":"https:\/\/api.w.org\/{rel}","templated":true}]}}